{"id":257,"date":"2016-01-12T16:01:33","date_gmt":"2016-01-12T14:01:33","guid":{"rendered":"http:\/\/archers-athis-mons.fr\/?p=257"},"modified":"2016-01-12T16:01:33","modified_gmt":"2016-01-12T14:01:33","slug":"concours-debutants-st-arnoult","status":"publish","type":"post","link":"https:\/\/archers-athis-mons.fr\/?p=257","title":{"rendered":"Concours D\u00e9butants : St Arnoult"},"content":{"rendered":"<p>Voici <strong>LE<\/strong> concours r\u00e9serv\u00e9 \u00e0 tous ceux et celles qui ont commenc\u00e9 le tir \u00e0 l&rsquo;arc en septembre &#8211; octobre 2015.<br \/>\nLes cat\u00e9gories s&rsquo;\u00e9chelonnent de benjamin \u00e0 super-v\u00e9t\u00e9ran homme et femme !!<br \/>\nChaque ann\u00e9e le club accompagne ses archers et arch\u00e8res nouvellement inscrits et c&rsquo;est toujours un moment tr\u00e8s sympathique.<\/p>\n<p>Pour \u00eatre ensemble nous privil\u00e9gions le dimanche 13 mars apr\u00e8s-midi, n\u00e9anmoins les autres cr\u00e9neaux sont ouverts (voir le mandat).<\/p>\n<p>Compte tenu du cr\u00e9neau du 13 mars apr\u00e8s-midi, nous vous demandons de bien vouloir nous indiquer sous 10 jours si vous souhaitez y participer soit en faisant un mail par retour ou en donnant l&rsquo;info aux entra\u00eeneurs.<\/p>\n<p>Nota : en dehors de l\u2019encadrement du club j&rsquo;ai essay\u00e9 de cibler au mieux ma liste&#8230;. peut-\u00eatre que pour certains ce n&rsquo;est pas votre premi\u00e8re ann\u00e9e&#8230; d\u00e9sol\u00e9 ce concours ne vous est plus destin\u00e9.<\/p>\n<p>Bien entendu en fonction des inscrit-e-s , nous pourrons ensuite nous organiser pour faire du covoiturage avec vos arcs et fl\u00e8ches&#8230;..<\/p>\n<p>Jean-Michel<\/p>\n<p><a href=\"http:\/\/archers-athis-mons.fr\/wp-content\/uploads\/2016\/01\/St-Arnoult-concours-d\u00e9butants-Mandat-12-13-mars-2016.pdf\" rel=\"\">St Arnoult &#8211; concours d\u00e9butants &#8211; Mandat 12 13 mars 2016<\/a><\/p>\n","protected":false},"excerpt":{"rendered":"<p>Voici LE concours r\u00e9serv\u00e9 \u00e0 tous ceux et celles qui ont commenc\u00e9 le tir \u00e0 l&rsquo;arc en septembre &#8211; octobre 2015. Les cat\u00e9gories s&rsquo;\u00e9chelonnent de benjamin \u00e0 super-v\u00e9t\u00e9ran homme et femme !! Chaque ann\u00e9e le club accompagne ses archers et arch\u00e8res nouvellement inscrits et c&rsquo;est toujours un moment tr\u00e8s sympathique. Pour \u00eatre ensemble nous privil\u00e9gions [&hellip;]<\/p>\n","protected":false},"author":2,"featured_media":0,"comment_status":"closed","ping_status":"closed","sticky":false,"template":"","format":"standard","meta":{"footnotes":""},"categories":[5,6],"tags":[],"class_list":["post-257","post","type-post","status-publish","format-standard","hentry","category-actu","category-concours"],"_links":{"self":[{"href":"https:\/\/archers-athis-mons.fr\/index.php?rest_route=\/wp\/v2\/posts\/257","targetHints":{"allow":["GET"]}}],"collection":[{"href":"https:\/\/archers-athis-mons.fr\/index.php?rest_route=\/wp\/v2\/posts"}],"about":[{"href":"https:\/\/archers-athis-mons.fr\/index.php?rest_route=\/wp\/v2\/types\/post"}],"author":[{"embeddable":true,"href":"https:\/\/archers-athis-mons.fr\/index.php?rest_route=\/wp\/v2\/users\/2"}],"replies":[{"embeddable":true,"href":"https:\/\/archers-athis-mons.fr\/index.php?rest_route=%2Fwp%2Fv2%2Fcomments&post=257"}],"version-history":[{"count":1,"href":"https:\/\/archers-athis-mons.fr\/index.php?rest_route=\/wp\/v2\/posts\/257\/revisions"}],"predecessor-version":[{"id":259,"href":"https:\/\/archers-athis-mons.fr\/index.php?rest_route=\/wp\/v2\/posts\/257\/revisions\/259"}],"wp:attachment":[{"href":"https:\/\/archers-athis-mons.fr\/index.php?rest_route=%2Fwp%2Fv2%2Fmedia&parent=257"}],"wp:term":[{"taxonomy":"category","embeddable":true,"href":"https:\/\/archers-athis-mons.fr\/index.php?rest_route=%2Fwp%2Fv2%2Fcategories&post=257"},{"taxonomy":"post_tag","embeddable":true,"href":"https:\/\/archers-athis-mons.fr\/index.php?rest_route=%2Fwp%2Fv2%2Ftags&post=257"}],"curies":[{"name":"wp","href":"https:\/\/api.w.org\/{rel}","templated":true}]}}