{"id":379,"date":"2017-05-03T19:03:48","date_gmt":"2017-05-03T17:03:48","guid":{"rendered":"http:\/\/archers-athis-mons.fr\/?p=379"},"modified":"2017-05-03T19:03:48","modified_gmt":"2017-05-03T17:03:48","slug":"mini-federal-jeunes-91","status":"publish","type":"post","link":"https:\/\/archers-athis-mons.fr\/?p=379","title":{"rendered":"Mini f\u00e9d\u00e9ral Jeunes 91"},"content":{"rendered":"<p>Comme chaque ann\u00e9e pour le jeudi de l&rsquo;Ascension, se d\u00e9roulera le concours Jeunes &nbsp; &nbsp;aux Ulis toute la journ\u00e9e.<\/p>\n<p>Vous trouverez &nbsp;ici le&nbsp;<a href=\"http:\/\/www.archers91.fr\/wordpress\/archers\/wp-content\/\/2011\/05\/mandat-mini-fed-2017.pdf\">Mandat<\/a>&nbsp;<br \/>\nBon Tir \u00e0 tous les courageux !<\/p>\n","protected":false},"excerpt":{"rendered":"<p>Comme chaque ann\u00e9e pour le jeudi de l&rsquo;Ascension, se d\u00e9roulera le concours Jeunes &nbsp; &nbsp;aux Ulis toute la journ\u00e9e. Vous trouverez &nbsp;ici le&nbsp;Mandat&nbsp; Bon Tir \u00e0 tous les courageux !<\/p>\n","protected":false},"author":2,"featured_media":0,"comment_status":"closed","ping_status":"closed","sticky":false,"template":"","format":"standard","meta":{"footnotes":""},"categories":[6],"tags":[],"class_list":["post-379","post","type-post","status-publish","format-standard","hentry","category-concours"],"_links":{"self":[{"href":"https:\/\/archers-athis-mons.fr\/index.php?rest_route=\/wp\/v2\/posts\/379","targetHints":{"allow":["GET"]}}],"collection":[{"href":"https:\/\/archers-athis-mons.fr\/index.php?rest_route=\/wp\/v2\/posts"}],"about":[{"href":"https:\/\/archers-athis-mons.fr\/index.php?rest_route=\/wp\/v2\/types\/post"}],"author":[{"embeddable":true,"href":"https:\/\/archers-athis-mons.fr\/index.php?rest_route=\/wp\/v2\/users\/2"}],"replies":[{"embeddable":true,"href":"https:\/\/archers-athis-mons.fr\/index.php?rest_route=%2Fwp%2Fv2%2Fcomments&post=379"}],"version-history":[{"count":1,"href":"https:\/\/archers-athis-mons.fr\/index.php?rest_route=\/wp\/v2\/posts\/379\/revisions"}],"predecessor-version":[{"id":380,"href":"https:\/\/archers-athis-mons.fr\/index.php?rest_route=\/wp\/v2\/posts\/379\/revisions\/380"}],"wp:attachment":[{"href":"https:\/\/archers-athis-mons.fr\/index.php?rest_route=%2Fwp%2Fv2%2Fmedia&parent=379"}],"wp:term":[{"taxonomy":"category","embeddable":true,"href":"https:\/\/archers-athis-mons.fr\/index.php?rest_route=%2Fwp%2Fv2%2Fcategories&post=379"},{"taxonomy":"post_tag","embeddable":true,"href":"https:\/\/archers-athis-mons.fr\/index.php?rest_route=%2Fwp%2Fv2%2Ftags&post=379"}],"curies":[{"name":"wp","href":"https:\/\/api.w.org\/{rel}","templated":true}]}}