{"id":383,"date":"2017-09-04T18:27:26","date_gmt":"2017-09-04T16:27:26","guid":{"rendered":"http:\/\/archers-athis-mons.fr\/?p=383"},"modified":"2017-09-05T09:05:44","modified_gmt":"2017-09-05T07:05:44","slug":"cest-la-rentree","status":"publish","type":"post","link":"https:\/\/archers-athis-mons.fr\/?p=383","title":{"rendered":"C&rsquo;est la rentr\u00e9e !!!"},"content":{"rendered":"<p>Bonjour \u00e0 Toutes et \u00e0 Tous, Petits et Grands !<\/p>\n<p>Reprise des entrainements:<\/p>\n<ul>\n<li>adultes : mardi 5 septembre<\/li>\n<li>jeunes : samedi 9 et mercredi 13 septembre<\/li>\n<li>reprise des cours BE : mercredi 20 septembre<\/li>\n<\/ul>\n<p>Nous serons pr\u00e9sents \u00e0 la <a href=\"http:\/\/www.mairie-athis-mons.fr\/agenda\/evenement_3142.htm#fiche3142\">f\u00eate des Associations d&rsquo;Athis-Mons<\/a> les 16 et 17 septembre<\/p>\n<p>Vous trouverez ci-dessous, les documents n\u00e9cessaires \u00e0 votre (r\u00e9-)inscription:<\/p>\n<ul>\n<li><a href=\"http:\/\/archers-athis-mons.fr\/wp-content\/uploads\/2017\/09\/2017-18-Autorisation_parentale.pdf\">2017-18-Autorisation_parentale<\/a><\/li>\n<li><a href=\"http:\/\/archers-athis-mons.fr\/wp-content\/uploads\/2017\/09\/2017-18-inscript_club_contirme.pdf\">2017-18-inscript_club_contirm\u00e9<\/a><\/li>\n<li><a href=\"http:\/\/archers-athis-mons.fr\/wp-content\/uploads\/2017\/09\/2017-18-inscript_club_debutant.pdf\">2017-18-inscript_club_debutant<\/a><\/li>\n<li><a href=\"http:\/\/archers-athis-mons.fr\/wp-content\/uploads\/2017\/09\/2017-18-Questionnaire_sante.pdf\">2017-18-Questionnaire_sant\u00e9<\/a><\/li>\n<\/ul>\n","protected":false},"excerpt":{"rendered":"<p>Bonjour \u00e0 Toutes et \u00e0 Tous, Petits et Grands ! Reprise des entrainements: adultes : mardi 5 septembre jeunes : samedi 9 et mercredi 13 septembre reprise des cours BE : mercredi 20 septembre Nous serons pr\u00e9sents \u00e0 la f\u00eate des Associations d&rsquo;Athis-Mons les 16 et 17 septembre Vous trouverez ci-dessous, les documents n\u00e9cessaires \u00e0 [&hellip;]<\/p>\n","protected":false},"author":2,"featured_media":0,"comment_status":"closed","ping_status":"closed","sticky":false,"template":"","format":"standard","meta":{"footnotes":""},"categories":[5,9],"tags":[],"class_list":["post-383","post","type-post","status-publish","format-standard","hentry","category-actu","category-vie-du-club"],"_links":{"self":[{"href":"https:\/\/archers-athis-mons.fr\/index.php?rest_route=\/wp\/v2\/posts\/383","targetHints":{"allow":["GET"]}}],"collection":[{"href":"https:\/\/archers-athis-mons.fr\/index.php?rest_route=\/wp\/v2\/posts"}],"about":[{"href":"https:\/\/archers-athis-mons.fr\/index.php?rest_route=\/wp\/v2\/types\/post"}],"author":[{"embeddable":true,"href":"https:\/\/archers-athis-mons.fr\/index.php?rest_route=\/wp\/v2\/users\/2"}],"replies":[{"embeddable":true,"href":"https:\/\/archers-athis-mons.fr\/index.php?rest_route=%2Fwp%2Fv2%2Fcomments&post=383"}],"version-history":[{"count":6,"href":"https:\/\/archers-athis-mons.fr\/index.php?rest_route=\/wp\/v2\/posts\/383\/revisions"}],"predecessor-version":[{"id":395,"href":"https:\/\/archers-athis-mons.fr\/index.php?rest_route=\/wp\/v2\/posts\/383\/revisions\/395"}],"wp:attachment":[{"href":"https:\/\/archers-athis-mons.fr\/index.php?rest_route=%2Fwp%2Fv2%2Fmedia&parent=383"}],"wp:term":[{"taxonomy":"category","embeddable":true,"href":"https:\/\/archers-athis-mons.fr\/index.php?rest_route=%2Fwp%2Fv2%2Fcategories&post=383"},{"taxonomy":"post_tag","embeddable":true,"href":"https:\/\/archers-athis-mons.fr\/index.php?rest_route=%2Fwp%2Fv2%2Ftags&post=383"}],"curies":[{"name":"wp","href":"https:\/\/api.w.org\/{rel}","templated":true}]}}