{"id":431,"date":"2018-08-23T08:51:11","date_gmt":"2018-08-23T06:51:11","guid":{"rendered":"http:\/\/archers-athis-mons.fr\/?p=431"},"modified":"2018-08-23T08:51:11","modified_gmt":"2018-08-23T06:51:11","slug":"informations-de-rentree","status":"publish","type":"post","link":"https:\/\/archers-athis-mons.fr\/?p=431","title":{"rendered":"Informations de Rentr\u00e9e"},"content":{"rendered":"<p>Bonjour \u00e0 Toutes et \u00e0 Tous,<\/p>\n<p>Tout d&rsquo;abord &#8230; de bonnes vacances \u00e0 ceux et celles qui en profitent actuellement&#8230; et pour les autres,\u00a0une bonne reprise au travail avant celle du tir \u00e0 l&rsquo;arc.<\/p>\n<p>Informations :<\/p>\n<ul>\n<li>Apr\u00e8s des \u00e9changes avec l&rsquo;USOAM et la Mairie d&rsquo;Athis-Mons, nous avons r\u00e9cup\u00e9r\u00e9 le cr\u00e9neau\u00a0du mercredi soir dans la Grande Salle en haut.<br \/>\nCela fait suite \u00e0 la perte du cr\u00e9neau du lundi soir faute de pr\u00e9sents en nombre suffisant.<br \/>\nVoici les cr\u00e9neaux qui s&rsquo;ajoutent \u00e0 ceux des mardis soir, mercredis fin d&rsquo;apr\u00e8s-midi<br \/>\net samedi matin pour les d\u00e9butants et les jeunes.<\/p>\n<ul>\n<li>Mardi &#8211; 17h30 \u00e0 20h00 &#8211; Salle Brigat<\/li>\n<li>Mercredi &#8211; 20h30 \u00e0 22h30 &#8211; Grande Salle<\/li>\n<li>Jeudi &#8211; 20h30 &#8211; 22h30 Salle Brigat<\/li>\n<\/ul>\n<\/li>\n<\/ul>\n<ul>\n<li>\u00a0Les cat\u00e9gories S\u00e9niors H et F sont chang\u00e9es\n<ul>\n<li>Senior 1 : de 21 ans \u00e0 39 ans<\/li>\n<li>Senior 2 : de 40 ans \u00e0 59 ans<\/li>\n<li>Senior 3 : \u00e0 partir de 60 ans<\/li>\n<\/ul>\n<\/li>\n<\/ul>\n<ul>\n<li>vous recevrez fin ao\u00fbt, la fiche d&rsquo;inscription pour 2018-2019<\/li>\n<li><span style=\"font-size: 1rem;\">\u00a0Nous attendons le retour du CDTAE pour savoir si nous pouvons initier un cours BE le mercredi soir.<\/span><\/li>\n<li><span style=\"font-size: 1rem;\">Par contre les cours du BE entre avril et juin en ext\u00e9rieur vous seront bien propos\u00e9s. Yann reviendra.<\/span><\/li>\n<li><span style=\"font-size: 1rem;\">\u00a0Nous serons sur notre stand \u00e0 la f\u00eate des Associations d&rsquo;Athis-Mons les 8 et 9 septembre de 10h \u00e0 18h<\/span><\/li>\n<\/ul>\n<p>Bonne journ\u00e9e et bonne reprise<\/p>\n<p>Jean-Michel<\/p>\n","protected":false},"excerpt":{"rendered":"<p>Bonjour \u00e0 Toutes et \u00e0 Tous, Tout d&rsquo;abord &#8230; de bonnes vacances \u00e0 ceux et celles qui en profitent actuellement&#8230; et pour les autres,\u00a0une bonne reprise au travail avant celle du tir \u00e0 l&rsquo;arc. Informations : Apr\u00e8s des \u00e9changes avec l&rsquo;USOAM et la Mairie d&rsquo;Athis-Mons, nous avons r\u00e9cup\u00e9r\u00e9 le cr\u00e9neau\u00a0du mercredi soir dans la Grande [&hellip;]<\/p>\n","protected":false},"author":2,"featured_media":0,"comment_status":"closed","ping_status":"closed","sticky":false,"template":"","format":"standard","meta":{"footnotes":""},"categories":[5,3,9],"tags":[],"class_list":["post-431","post","type-post","status-publish","format-standard","hentry","category-actu","category-general","category-vie-du-club"],"_links":{"self":[{"href":"https:\/\/archers-athis-mons.fr\/index.php?rest_route=\/wp\/v2\/posts\/431","targetHints":{"allow":["GET"]}}],"collection":[{"href":"https:\/\/archers-athis-mons.fr\/index.php?rest_route=\/wp\/v2\/posts"}],"about":[{"href":"https:\/\/archers-athis-mons.fr\/index.php?rest_route=\/wp\/v2\/types\/post"}],"author":[{"embeddable":true,"href":"https:\/\/archers-athis-mons.fr\/index.php?rest_route=\/wp\/v2\/users\/2"}],"replies":[{"embeddable":true,"href":"https:\/\/archers-athis-mons.fr\/index.php?rest_route=%2Fwp%2Fv2%2Fcomments&post=431"}],"version-history":[{"count":1,"href":"https:\/\/archers-athis-mons.fr\/index.php?rest_route=\/wp\/v2\/posts\/431\/revisions"}],"predecessor-version":[{"id":432,"href":"https:\/\/archers-athis-mons.fr\/index.php?rest_route=\/wp\/v2\/posts\/431\/revisions\/432"}],"wp:attachment":[{"href":"https:\/\/archers-athis-mons.fr\/index.php?rest_route=%2Fwp%2Fv2%2Fmedia&parent=431"}],"wp:term":[{"taxonomy":"category","embeddable":true,"href":"https:\/\/archers-athis-mons.fr\/index.php?rest_route=%2Fwp%2Fv2%2Fcategories&post=431"},{"taxonomy":"post_tag","embeddable":true,"href":"https:\/\/archers-athis-mons.fr\/index.php?rest_route=%2Fwp%2Fv2%2Ftags&post=431"}],"curies":[{"name":"wp","href":"https:\/\/api.w.org\/{rel}","templated":true}]}}