{"id":650,"date":"2020-09-02T13:47:54","date_gmt":"2020-09-02T12:47:54","guid":{"rendered":"http:\/\/archers-athis-mons.fr\/?p=650"},"modified":"2020-09-02T13:47:54","modified_gmt":"2020-09-02T12:47:54","slug":"fete-du-club-et-assemblee-generale","status":"publish","type":"post","link":"https:\/\/archers-athis-mons.fr\/?p=650","title":{"rendered":"F\u00eate du Club et Assembl\u00e9e G\u00e9n\u00e9rale"},"content":{"rendered":"<p>Arch\u00e8res, Archers, Je vous salue,<\/p>\n<p>Comme chaque ann\u00e9e nous organisons la f\u00eate du club qui aura lieu au gymnase Carpentier sur le terrain ext\u00e9rieur, le samedi 12 septembre 2020.<br \/>\nChacun, chacune pourra apporter son d\u00e9jeuner. Le barbecue est \u00e0 votre disposition pour toutes les grillades.<br \/>\nPour des raisons d\u2019organisation du passage des fl\u00e8ches, je vous demande d\u2019\u00eatre pr\u00e9sent(e) au terrain \u00e0 8h45 pour un d\u00e9but des tirs \u00e0 9h00 pr\u00e9cises.<\/p>\n<h4>Programme de la journ\u00e9e :<\/h4>\n<ul>\n<li>8h45 Accueil des participant(e)s<\/li>\n<li>9h00 D\u00e9but des passages de fl\u00e8ches ext\u00e9rieures (25 m, 30 m et 50 m) et\u00a0\u00e9ventuellement en int\u00e9rieur si le gymnase est ouvert.<\/li>\n<li>11h30 Assembl\u00e9e G\u00e9n\u00e9rale annuelle<\/li>\n<li>12h30 Ap\u00e9ritif (offert par le club)<\/li>\n<li>13h Barbecue \u00e0 disposition. Chacun apporte son d\u00e9jeuner.<\/li>\n<\/ul>\n<p>Afin d\u2019organiser cette journ\u00e9e dans de bonnes conditions, je vous demande de me faire parvenir votre r\u00e9ponse imp\u00e9rativement avant le 7 septembre 2020 dernier d\u00e9lai.<\/p>\n<p>Dans l\u2019attente, recevez mes salutations sportives.<\/p>\n<p><em>Le Pr\u00e9sident,<\/em><br \/>\n<strong>Bernard TAURAN<\/strong><\/p>\n","protected":false},"excerpt":{"rendered":"<p>Arch\u00e8res, Archers, Je vous salue, Comme chaque ann\u00e9e nous organisons la f\u00eate du club qui aura lieu au gymnase Carpentier sur le terrain ext\u00e9rieur, le samedi 12 septembre 2020. Chacun, chacune pourra apporter son d\u00e9jeuner. Le barbecue est \u00e0 votre disposition pour toutes les grillades. Pour des raisons d\u2019organisation du passage des fl\u00e8ches, je vous [&hellip;]<\/p>\n","protected":false},"author":2,"featured_media":0,"comment_status":"closed","ping_status":"closed","sticky":false,"template":"","format":"standard","meta":{"footnotes":""},"categories":[9],"tags":[],"class_list":["post-650","post","type-post","status-publish","format-standard","hentry","category-vie-du-club"],"_links":{"self":[{"href":"https:\/\/archers-athis-mons.fr\/index.php?rest_route=\/wp\/v2\/posts\/650","targetHints":{"allow":["GET"]}}],"collection":[{"href":"https:\/\/archers-athis-mons.fr\/index.php?rest_route=\/wp\/v2\/posts"}],"about":[{"href":"https:\/\/archers-athis-mons.fr\/index.php?rest_route=\/wp\/v2\/types\/post"}],"author":[{"embeddable":true,"href":"https:\/\/archers-athis-mons.fr\/index.php?rest_route=\/wp\/v2\/users\/2"}],"replies":[{"embeddable":true,"href":"https:\/\/archers-athis-mons.fr\/index.php?rest_route=%2Fwp%2Fv2%2Fcomments&post=650"}],"version-history":[{"count":2,"href":"https:\/\/archers-athis-mons.fr\/index.php?rest_route=\/wp\/v2\/posts\/650\/revisions"}],"predecessor-version":[{"id":652,"href":"https:\/\/archers-athis-mons.fr\/index.php?rest_route=\/wp\/v2\/posts\/650\/revisions\/652"}],"wp:attachment":[{"href":"https:\/\/archers-athis-mons.fr\/index.php?rest_route=%2Fwp%2Fv2%2Fmedia&parent=650"}],"wp:term":[{"taxonomy":"category","embeddable":true,"href":"https:\/\/archers-athis-mons.fr\/index.php?rest_route=%2Fwp%2Fv2%2Fcategories&post=650"},{"taxonomy":"post_tag","embeddable":true,"href":"https:\/\/archers-athis-mons.fr\/index.php?rest_route=%2Fwp%2Fv2%2Ftags&post=650"}],"curies":[{"name":"wp","href":"https:\/\/api.w.org\/{rel}","templated":true}]}}