{"id":69,"date":"2015-02-16T10:29:48","date_gmt":"2015-02-16T08:29:48","guid":{"rendered":"http:\/\/archers-athis-mons.fr\/?p=69"},"modified":"2015-04-09T08:16:44","modified_gmt":"2015-04-09T06:16:44","slug":"resultats-concours-salle","status":"publish","type":"post","link":"https:\/\/archers-athis-mons.fr\/?p=69","title":{"rendered":"R\u00e9sultats concours salle"},"content":{"rendered":"<p>Voici les r\u00e9sultats de la seconde partie de la saison en salle :<\/p>\n<h4>Sainte Genevi\u00e8ve des Bois (17 et 18 janvier)<\/h4>\n<ul>\n<li>Classique Hommes :\n<ul>\n<li>Christophe 11 \u00e8me<\/li>\n<li>Fr\u00e9d\u00e9ric 21 \u00e8me<\/li>\n<\/ul>\n<\/li>\n<li>V\u00e9t\u00e9rans Compound : Bernard 6 \u00e8me<\/li>\n<\/ul>\n<h4>Championnat D\u00e9partemental Jeunes \u00e0 Grigny (25 janvier)<\/h4>\n<ul>\n<li>Minimes Filles : Emeline 2 \u00e8me<\/li>\n<li>Minimes Gar\u00e7ons : Arnaud 5 \u00e8me<\/li>\n<li>Cadets Gar\u00e7ons : Maxence 9 \u00e8me ex aequo<\/li>\n<\/ul>\n<h4>Championnat D\u00e9partemental Adultes \u00e0 Wissous (31 janv et 1er f\u00e9vrier)<\/h4>\n<ul>\n<li>Seniors Femmes : Daphn\u00e9, 11 \u00e8me, \u00e9limin\u00e9e en 8 \u00e8me de finale<\/li>\n<li>Seniors Hommes :\n<ul>\n<li><span style=\"line-height: 1.5;\">Luc, 11 \u00e8me, \u00e9limin\u00e9 en 8 \u00e8me de finale ;<\/span><\/li>\n<li><span style=\"line-height: 1.5;\">Christophe, 13 \u00e8me, \u00e9limin\u00e9 en 8\u00e8me de finale<\/span><\/li>\n<li><span style=\"line-height: 1.5;\">Fr\u00e9d\u00e9ric, 35 \u00e8me ( 60 participants)<\/span><\/li>\n<\/ul>\n<\/li>\n<li>V\u00e9t\u00e9rans Hommes Compound :\n<ul>\n<li><span style=\"line-height: 1.5;\">Bernard, 7 \u00e8me, \u00e9limin\u00e9 en quart de finale<\/span><\/li>\n<li><span style=\"line-height: 1.5;\">Jean-Michel, 10\u00e8me<\/span><\/li>\n<li><span style=\"line-height: 1.5;\">Yann, 14 \u00e8me<\/span><\/li>\n<\/ul>\n<\/li>\n<li>L&rsquo;\u00e9quipe Classique Hommes (Luc, Christophe et Fr\u00e9d\u00e9ric), 9 \u00e8me, \u00e9limin\u00e9e en 8 \u00e8me de finale<\/li>\n<\/ul>\n<h4>2 \u00e8me rencontre jeunes \u00e0 Forges les Bains (7 f\u00e9vrier)<\/h4>\n<ul>\n<li>benjamins gar\u00e7ons : Lucas 6 \u00e8me et Cl\u00e9ment 7 \u00e8me<\/li>\n<li>Minimes Gar\u00e7ons : Arnaud 8 \u00e8me<\/li>\n<li>Minimes Filles : \u00c9milie 1 \u00e8re<\/li>\n<li>Cadets Gar\u00e7ons : Ferguson 7 \u00e8me<\/li>\n<li>Cadettes Filles : Ma\u00efwenn 3 \u00e8me et Laura 4 \u00e8me<\/li>\n<\/ul>\n<p>Toujours en esp\u00e9rant n&rsquo;avoir oubli\u00e9 personne&#8230;..<\/p>\n<p>F\u00e9licitations pour votre engagement et les r\u00e9sultats obtenus. Continuez !!!<\/p>\n","protected":false},"excerpt":{"rendered":"<p>Voici les r\u00e9sultats de la seconde partie de la saison en salle : Sainte Genevi\u00e8ve des Bois (17 et 18 janvier) Classique Hommes : Christophe 11 \u00e8me Fr\u00e9d\u00e9ric 21 \u00e8me V\u00e9t\u00e9rans Compound : Bernard 6 \u00e8me Championnat D\u00e9partemental Jeunes \u00e0 Grigny (25 janvier) Minimes Filles : Emeline 2 \u00e8me Minimes Gar\u00e7ons : Arnaud 5 \u00e8me [&hellip;]<\/p>\n","protected":false},"author":2,"featured_media":0,"comment_status":"closed","ping_status":"closed","sticky":false,"template":"","format":"standard","meta":{"footnotes":""},"categories":[5,6,8],"tags":[],"class_list":["post-69","post","type-post","status-publish","format-standard","hentry","category-actu","category-concours","category-resultats"],"_links":{"self":[{"href":"https:\/\/archers-athis-mons.fr\/index.php?rest_route=\/wp\/v2\/posts\/69","targetHints":{"allow":["GET"]}}],"collection":[{"href":"https:\/\/archers-athis-mons.fr\/index.php?rest_route=\/wp\/v2\/posts"}],"about":[{"href":"https:\/\/archers-athis-mons.fr\/index.php?rest_route=\/wp\/v2\/types\/post"}],"author":[{"embeddable":true,"href":"https:\/\/archers-athis-mons.fr\/index.php?rest_route=\/wp\/v2\/users\/2"}],"replies":[{"embeddable":true,"href":"https:\/\/archers-athis-mons.fr\/index.php?rest_route=%2Fwp%2Fv2%2Fcomments&post=69"}],"version-history":[{"count":6,"href":"https:\/\/archers-athis-mons.fr\/index.php?rest_route=\/wp\/v2\/posts\/69\/revisions"}],"predecessor-version":[{"id":75,"href":"https:\/\/archers-athis-mons.fr\/index.php?rest_route=\/wp\/v2\/posts\/69\/revisions\/75"}],"wp:attachment":[{"href":"https:\/\/archers-athis-mons.fr\/index.php?rest_route=%2Fwp%2Fv2%2Fmedia&parent=69"}],"wp:term":[{"taxonomy":"category","embeddable":true,"href":"https:\/\/archers-athis-mons.fr\/index.php?rest_route=%2Fwp%2Fv2%2Fcategories&post=69"},{"taxonomy":"post_tag","embeddable":true,"href":"https:\/\/archers-athis-mons.fr\/index.php?rest_route=%2Fwp%2Fv2%2Ftags&post=69"}],"curies":[{"name":"wp","href":"https:\/\/api.w.org\/{rel}","templated":true}]}}